{"id":36811,"date":"2022-02-22T17:33:32","date_gmt":"2022-02-22T15:33:32","guid":{"rendered":"https:\/\/www.wildsuits.eu\/?p=36811"},"modified":"2023-05-02T15:06:13","modified_gmt":"2023-05-02T13:06:13","slug":"surfer-au-cap-vert","status":"publish","type":"post","link":"https:\/\/wildsuits.eu\/es\/surfer-au-cap-vert\/","title":{"rendered":"Partir surfer au Cap-Vert"},"content":{"rendered":"<h2 class=\"wp-block-heading\"><strong>La destination r\u00eav\u00e9e des surfeurs, mais pas que<\/strong>&#8230;<\/h2>\n\n\n\n<p>Cet archipel africain, compos\u00e9 de dix \u00eeles sauvages, forme la R\u00e9publique du Cap-Vert, \u00ab Rep\u00fablica de Cabo Verde \u00bb en portugais. Un pays unique en son genre dont notre surfeur pro Robertney Barros est originaire (vous pouvez consulter son interview directement sur notre site). C\u2019est un territoire accueillant du fait de ses oc\u00e9ans bleus et ses plages aux sables noirs typiques des cartes postales, mais aussi par sa nature abondante et authentique comme vous n\u2019en verrez nulle part ailleurs. Une m\u00e9t\u00e9o plus que cl\u00e9mente qui vous donnera une seule envie, aller \u00e0 l\u2019eau ! Encore plus si je vous disais qu\u2019il y a des vagues parfaites deux cents m\u00e8tres plus loin, mais \u00e7a, je vous en reparle juste apr\u00e8s&#8230;<br><br>Pour les plus t\u00e9m\u00e9raires et aventureux, de nombreuses randonn\u00e9es sont \u00e0 votre disposition sur chacune des \u00eeles du pays. Quoi de mieux pour partir en vacances et faire profiter toute la famille (il faut penser \u00e0 tout le monde) ? En prime, si vous avez de la chance, il sera m\u00eame possible de voir \u00e9clore des tortues marines sous vos yeux.<\/p>\n\n\n\n<h2 class=\"wp-block-heading\"><strong>Le Cap-Vert en r\u00e9sum\u00e9<\/strong><\/h2>\n\n\n\n<ul>\n<li>Entre relaxation et bronzette, vous trouverez votre compte. Avec une population qui vous accueillera \u00e0 bras ouverts, une criminalit\u00e9 quasi inexistante et des commerces traditionnels \u00e9parpill\u00e9s sur l\u2019ensemble de l\u2019archipel, vous ne manquerez de rien ou peut-\u00eatre de temps pour faire tout ce que vous aviez pr\u00e9vu.<\/li>\n\n\n\n<li>En quelques chiffres, le Cap-Vert, c\u2019est :<\/li>\n<\/ul>\n\n\n\n<ul>\n<li> 4 033,0 km carr\u00e9s de superficie r\u00e9partie sur dix \u00eeles.<\/li>\n\n\n\n<li> -2 h de d\u00e9calage horaire l\u2019hiver et -3 h l\u2019\u00e9t\u00e9 par rapport \u00e0 la France<\/li>\n\n\n\n<li> Une temp\u00e9rature moyenne de 24 \u00b0C \u00e0 l\u2019ann\u00e9e et 19 \u00b0C comme temp\u00e9rature la plus faible (autant vous dire qu\u2019il fait plut\u00f4t chaud toute l\u2019ann\u00e9e)<\/li>\n\n\n\n<li> Un total de 583 255 habitants en 2020<\/li>\n<\/ul>\n\n\n\n<p>Selon le site \u00ab combien co\u00fbte \u00bb la vie \u00e0 Cap-Vert est 41 % moins ch\u00e8re qu\u2019en France, \u00e0 titre de comparaison, un d\u00e9jeuner au restaurant sur l\u2019\u00eele de Boa Vista co\u00fbte en moyenne 4,3 \u20ac contre environ 10 \u20ac en France.<\/p>\n\n\n\n<p>Les Capverdiens ont la main sur le c\u0153ur, ils n\u2019h\u00e9siteront pas \u00e0 vous accueillir les bras ouverts tant que vous respectez les lieux et que vous n\u2019abusez pas de leur gentillesse. Attention \u00e0 ne pas abuser des mets locaux, mais \u00e9galement d\u2019\u00e9viter le gaspillage de ressources primaires. L\u2019eau potable par exemple, se fait de plus en plus rare. L\u2019\u00e9cosyst\u00e8me du Cap-Vert est fragile, il faudra donc y faire extr\u00eamement attention.<\/p>\n\n\n\n<p>Bref, un pays extraordinaire avec des habitants extraordinaires et des environnements qui le sont tout autant. Bref, un pays extraordinaire avec des habitants et un environnement qui le sont tout autant.<\/p>\n\n\n\n<div class=\"wp-block-columns is-layout-flex wp-container-core-columns-layout-1 wp-block-columns-is-layout-flex\">\n<div class=\"wp-block-column is-layout-flow wp-block-column-is-layout-flow\">\n<figure class=\"wp-block-image size-large\"><img decoding=\"async\" src=\"https:\/\/www.wildsuits.eu\/wp-content\/uploads\/2022\/02\/cap-vert-4-1024x768.jpg\" alt=\"Paysage cap-vert\" class=\"wp-image-36862\"\/><\/figure>\n\n\n\n<p><\/p>\n<\/div>\n\n\n\n<div class=\"wp-block-column is-layout-flow wp-block-column-is-layout-flow\">\n<figure class=\"wp-block-image size-large\"><img decoding=\"async\" src=\"https:\/\/www.wildsuits.eu\/wp-content\/uploads\/2022\/02\/ponta-preta-surf-1024x764.jpg\" alt=\"robertney barros surf\" class=\"wp-image-36863\"\/><figcaption class=\"wp-element-caption\"><meta charset=\"utf-8\">Photographe : <a href=\"https:\/\/www.instagram.com\/ishootu_surfphoto\/\" target=\"_blank\" rel=\"noopener\">ishootu_surfphoto<\/a><\/figcaption><\/figure>\n<\/div>\n<\/div>\n\n\n\n<h2 class=\"wp-block-heading\"><strong>les spots de surf et de kite surf du Cap Vert.<\/strong><\/h2>\n\n\n\n<p>Avec <a href=\"https:\/\/www.google.fr\/maps\/place\/Cap-Vert\/@16.0228413,-25.1126114,8z\/data=!3m1!4b1!4m5!3m4!1s0x9358f2159115131:0x6b1af236f918ea1f!8m2!3d16.5388!4d-23.0418\" target=\"_blank\" rel=\"noopener\">un archipel constitu\u00e9 de dix \u00eeles naturelles<\/a> au c\u0153ur de l\u2019oc\u00e9an Atlantique, ne vous inqui\u00e9tez pas, des spots de surf ou de kite, il y en a !<\/p>\n\n\n\n<p>Pour tous les niveaux, de la simple initiation de surf aux comp\u00e9titeurs exp\u00e9riment\u00e9s, des petits pico de 50 centim\u00e8tres aux 3 m\u00e8tres bien puissants. Des spots bien vent\u00e9s aux petites criques calmes et plats. Il faut \u00e9galement prendre en compte la saison des vagues qui se d\u00e9roule en m\u00eame temps que la saison des forts vents.<\/p>\n\n\n\n<p>Amis surfeurs et kite surfeurs voici les spots qui pourront vous satisfaire :<\/p>\n\n\n\n<h2 class=\"wp-block-heading\"> <strong><em>Salaman\u00e7a<\/em><\/strong><\/h2>\n\n\n\n<p>Un spot pour tous les niveaux, que ce soit pour surfer ou pour faire du kite. Des conditions qui \u00e9voluent tout au long de l\u2019ann\u00e9e avec des houles qui changent r\u00e9guli\u00e8rement et des vents de diff\u00e9rentes intensit\u00e9s (\u00e0 v\u00e9rifier par Robertney).<\/p>\n\n\n\n<p>Situ\u00e9 sur l\u2019\u00eele de S\u00e3o Vicente, plus pr\u00e9cis\u00e9ment dans la r\u00e9gion de Calhau, c\u2019est l\u2019un des spots les plus connus du pays. Malgr\u00e9 cette notori\u00e9t\u00e9, le spot reste accessible et en plus ce n\u2019est pas la Chine au pique. Un Beach break qui pourra \u00e9galement satisfaire les kites surfeurs en p\u00e9riode vent\u00e9e.<\/p>\n\n\n\n<h2 class=\"wp-block-heading\"> <strong><em>Ponta preta<\/em><\/strong><\/h2>\n\n\n\n<p>LE spot incontournable par excellence. Tout kitesurfeur devrait passer par ce spot mythique du Cap- Vert. Une vague r\u00e9guli\u00e8re mais surtout du vent constant qui permet de pratiquer ce sport quasiment tout au long de l\u2019ann\u00e9e. Bien \u00e9videmment, cet environnement paradisiaque fera de votre session sur ce point break, un v\u00e9ritable r\u00eave extraordinaire.<\/p>\n\n\n\n<p>Attention ! Ce n&#8217;est pas une vague pour tous les niveaux. C\u2019est un spot assez engag\u00e9 avec une forte houle et de forts courants d\u2019eau. Du vent puissant qui complique la prise de vagues des surfeurs \u00e0 la rame mais qui facilite la session des kites.<\/p>\n\n\n\n<p>Quelques comp\u00e9titions de windsurf se sont d\u00e9roul\u00e9es durant plusieurs ann\u00e9es, dont le Championnat du monde qui a ramen\u00e9 un bon nombre de wind et kite-surfeurs. Un spot devenu mythique et embl\u00e9matique du Cap-Vert.<\/p>\n\n\n\n<h2 class=\"wp-block-heading\"> <strong><em>Ponta preta \u2013 esquerda (gauche)<\/em><\/strong><\/h2>\n\n\n\n<figure class=\"wp-block-image size-large\"><img decoding=\"async\" src=\"https:\/\/www.wildsuits.eu\/wp-content\/uploads\/2022\/02\/robertney-surf-1024x619.jpg\" alt=\"cap-vert surf\" class=\"wp-image-36864\"\/><figcaption class=\"wp-element-caption\"><meta charset=\"utf-8\">Photographe : <a href=\"https:\/\/www.instagram.com\/ishootu_surfphoto\/\" target=\"_blank\" rel=\"noopener\">ishootu_surfphoto<\/a><\/figcaption><\/figure>\n\n\n\n<p>\u00c9galement un spot tr\u00e8s connu dans l\u2019archipel, Monte Le\u00e3o (plus pr\u00e9cis\u00e9ment sur la gauche de Ponta Preta) est situ\u00e9 sur l\u2019\u00eele de Sal, \u201csel en fran\u00e7ais\u201d. Dans une baie o\u00f9 l\u2019on peut facilement observer la silhouette d\u2019un lion, en roche volcanique, couch\u00e9 dans l\u2019eau. Des s\u00e9diments que l\u2019on retrouve sur le spot, faites attention, ce n\u2019est pas un spot accessible \u00e0 tous. Surfeurs aguerris de pr\u00e9f\u00e9rence, si vous ne voulez pas finir \u00e0 l\u2019hosto. Avec un bon niveau, vous pourrez vous \u00e9clater dans des conditions magiques et vous mettre des grosses cavernes.<\/p>\n\n\n\n<h2 class=\"wp-block-heading\"> <strong><em>Santa Maria<\/em><\/strong><\/h2>\n\n\n\n<p>Un m\u00e9lange de reef et de sable blanc qui fait de ce spot l\u2019un des plus connu du pays. Dans une baie d\u2019environ 3 kilom\u00e8tres, la gauche (et de temps en temps la droite qui passe) de Santa Maria vous apportera une longueur de vague id\u00e9ale pour des surfeurs d\u00e9butants ou interm\u00e9diaires. Ajoutez \u00e0 cela une taille de vague peu importante et vous apprendrez facilement le take-off et la prise de direction. Vous serez accompagn\u00e9 des locaux qui sont d\u2019une grande gentillesse, mais que vous devez respecter bien \u00e9videmment.<\/p>\n\n\n\n<h2 class=\"wp-block-heading\"> <strong><em>Palmeira<\/em><\/strong><\/h2>\n\n\n\n<div class=\"wp-block-columns is-layout-flex wp-container-core-columns-layout-3 wp-block-columns-is-layout-flex\">\n<div class=\"wp-block-column is-vertically-aligned-center is-layout-flow wp-block-column-is-layout-flow\" style=\"flex-basis:100%\">\n<div class=\"wp-block-columns is-layout-flex wp-container-core-columns-layout-2 wp-block-columns-is-layout-flex\">\n<div class=\"wp-block-column is-layout-flow wp-block-column-is-layout-flow\" style=\"flex-basis:100%\">\n<figure class=\"wp-block-gallery has-nested-images columns-default is-cropped wp-block-gallery-1 is-layout-flex wp-block-gallery-is-layout-flex\">\n<figure class=\"wp-block-image size-large\"><img decoding=\"async\" src=\"https:\/\/www.wildsuits.eu\/wp-content\/uploads\/2022\/02\/ponta-preta-kitesurf-1-1024x764.jpg\" alt=\"\" class=\"wp-image-36867\"\/><\/figure>\n\n\n\n<figure class=\"wp-block-image size-large\"><img decoding=\"async\" src=\"https:\/\/www.wildsuits.eu\/wp-content\/uploads\/2022\/02\/ponta-preta-cap-vert-1-1024x764.jpg\" alt=\"\" class=\"wp-image-36869\"\/><\/figure>\n<\/figure>\n<\/div>\n<\/div>\n<\/div>\n<\/div>\n\n\n\n<p>Un spot qui se situe sur l\u2019\u00eele de Sal \u00e9galement, mais qui est plus adapt\u00e9 pour commencer le surf ou pour une simple initiation. Des petites vagues r\u00e9guli\u00e8res mais aussi des grosses houles qui rentrent de temps en temps. C\u2019est un spot qui marche quasiment tout le temps sauf exception (trop fat ou mauvaise direction du vent). Un reef break qui concentre pour une gauche assez longue qui vous fera progresser rapidement.<\/p>\n\n\n\n<p>Comme seul danger, il faudra faire attention au fond marin ainsi qu\u2019aux potentiels requins qui s\u2019aventureraient trop pr\u00e8s des c\u00f4tes.<\/p>\n\n\n\n<h2 class=\"wp-block-heading\"> <strong><em>Sandy Beach<\/em><\/strong><\/h2>\n\n\n\n<p>Sandy Beach, situ\u00e9 sur l\u2019\u00eele de S\u00e3o Vicente, est un spot d\u00e9sertique sur lequel vous serez seul au monde, dans l\u2019eau ou sur la plage. Une houle orient\u00e9e sud qui procure une droite exceptionnelle, bien qu\u2019elle soit pas mal vent\u00e9e (donc id\u00e9al pour kite et Wind surfer, mais il est possible de la prendre \u00e0 la rame pour les surfeurs).<\/p>\n\n\n\n<p>Un inconv\u00e9nient, mais aussi un avantage, le spot est difficilement accessible et par cons\u00e9quent peu de monde au pic. Un petit coin de paradis abandonn\u00e9 avec aucune habitation aux alentours. Attention malgr\u00e9 tout au vent, car \u00e7a souffle plut\u00f4t fort.<\/p>\n\n\n\n<h2 class=\"wp-block-heading\"> <strong><em>Praia do Curralinho<\/em><\/strong><\/h2>\n\n\n\n<p>Situ\u00e9 sur l\u2019\u00eele de Boa Vista, Curralinho est un spot assez connu au Cap-Vert qui est accessible facilement en voiture (ou quad, comme vous voulez). C\u2019est un beach break avec quelques petits rochers sans importance qui convient \u00e0 tous les niveaux de surf (surtout pour les d\u00e9butants). Surfeurs et Kite surfeurs, n\u2019h\u00e9sitez pas \u00e0 vous mettre \u00e0 l\u2019eau.<\/p>\n\n\n\n<p>Mais c\u2019est \u00e9galement une plage tranquille avec du sable chaud \u00e0 perte de vue. Id\u00e9al pour un couple ou une famille qui souhaite de la tranquillit\u00e9 et beaucoup de vitamine D. Il y a peu de touristes qui viendront vous emb\u00eater en posant la serviette \u00e0 moins de 5 m\u00e8tres de vous. Je recommande fortement.<\/p>\n\n\n\n<figure class=\"wp-block-image size-large is-resized\"><img fetchpriority=\"high\" decoding=\"async\" src=\"https:\/\/www.wildsuits.eu\/wp-content\/uploads\/2022\/02\/phare-cap-vert-1024x619.jpg\" alt=\"phare au cap-vert\" class=\"wp-image-36871\" width=\"841\" height=\"508\"\/><\/figure>\n\n\n\n<p>Ce pays, compos\u00e9 de plusieurs \u00eeles sauvages et naturelles, poss\u00e8de de multiples spots de surf et windsurf dont un grand nombre gard\u00e9 secret par les locaux et les surfeurs du coin. Il ne tient qu\u2019\u00e0 vous d\u2019aller explorer les alentours, tout en respectant les environnements que vous traverserez.<\/p>\n\n\n\n<p>Vous avez de quoi faire !<\/p>\n\n\n\n<p>Si vous voulez en savoir plus sur le Cap-Vert<a href=\"https:\/\/wildsuits.eu\/es\/wildsuits\/\" data-type=\"URL\" data-id=\"https:\/\/wildsuits.eu\/wildsuits\/\"> <\/a>et ses habitants, nous avons <a href=\"https:\/\/wildsuits.eu\/es\/wildsuits-family\/robertney-barros\/\" target=\"_blank\" rel=\"noreferrer noopener\">interview\u00e9<\/a> l\u2019un de nos riders de la Wildsuits Family, Robertney Barros, un natif de la r\u00e9gion. Son compte Instagram : <a href=\"https:\/\/www.instagram.com\/robertney__barros\/\" target=\"_blank\" rel=\"noopener\">@robertney__barros<\/a>.<\/p>\n\n\n\n<p>En ce qui concerne les r\u00e9glementations li\u00e9es \u00e0 la crise du coronavirus. Et oui, il ne faut pas l\u2019oublier, je vous invite \u00e0 prendre en compte les informations publi\u00e9es par le gouvernement en cliquant sur ce <a href=\"https:\/\/www.diplomatie.gouv.fr\/fr\/conseils-aux-voyageurs\/conseils-par-pays-destination\/cap-vert\/\" target=\"_blank\" rel=\"noopener\">lien<\/a>.<\/p>","protected":false},"excerpt":{"rendered":"<p>Cet archipel africain, compos\u00e9 de dix \u00eeles sauvages, forme la R\u00e9publique du Cap-Vert, \u00ab Rep\u00fablica de Cabo Verde \u00bb en portugais.<\/p>","protected":false},"author":12,"featured_media":37515,"comment_status":"open","ping_status":"open","sticky":false,"template":"","format":"standard","meta":{"footnotes":""},"categories":[55],"tags":[],"_links":{"self":[{"href":"https:\/\/wildsuits.eu\/es\/wp-json\/wp\/v2\/posts\/36811"}],"collection":[{"href":"https:\/\/wildsuits.eu\/es\/wp-json\/wp\/v2\/posts"}],"about":[{"href":"https:\/\/wildsuits.eu\/es\/wp-json\/wp\/v2\/types\/post"}],"author":[{"embeddable":true,"href":"https:\/\/wildsuits.eu\/es\/wp-json\/wp\/v2\/users\/12"}],"replies":[{"embeddable":true,"href":"https:\/\/wildsuits.eu\/es\/wp-json\/wp\/v2\/comments?post=36811"}],"version-history":[{"count":6,"href":"https:\/\/wildsuits.eu\/es\/wp-json\/wp\/v2\/posts\/36811\/revisions"}],"predecessor-version":[{"id":41061,"href":"https:\/\/wildsuits.eu\/es\/wp-json\/wp\/v2\/posts\/36811\/revisions\/41061"}],"wp:featuredmedia":[{"embeddable":true,"href":"https:\/\/wildsuits.eu\/es\/wp-json\/wp\/v2\/media\/37515"}],"wp:attachment":[{"href":"https:\/\/wildsuits.eu\/es\/wp-json\/wp\/v2\/media?parent=36811"}],"wp:term":[{"taxonomy":"category","embeddable":true,"href":"https:\/\/wildsuits.eu\/es\/wp-json\/wp\/v2\/categories?post=36811"},{"taxonomy":"post_tag","embeddable":true,"href":"https:\/\/wildsuits.eu\/es\/wp-json\/wp\/v2\/tags?post=36811"}],"curies":[{"name":"wp","href":"https:\/\/api.w.org\/{rel}","templated":true}]}}